{"id":297,"date":"2019-03-25T17:59:55","date_gmt":"2019-03-25T16:59:55","guid":{"rendered":"http:\/\/www.compositeursgenevois.ch\/?p=297"},"modified":"2023-05-13T10:30:59","modified_gmt":"2023-05-13T09:30:59","slug":"assemblee-generale-2019","status":"publish","type":"post","link":"https:\/\/www.compositeursgenevois.ch\/?p=297","title":{"rendered":"Assembl\u00e9e g\u00e9n\u00e9rale 2020"},"content":{"rendered":"\n<p>Prochaine assembl\u00e9e g\u00e9n\u00e9rale: dimanche 30 mai \u00e0 15h30<\/p>\n\n\n\n<p>Lieu: Centre paroissial de Ch\u00eane-Bourg, 77 rue de Gen\u00e8ve, 1225 Ch\u00eane-Bourg<br><br>Bienvenue \u00e0 tous, m\u00eame si vous n&rsquo;\u00eates pas (encore) membre&#8230;<\/p>\n","protected":false},"excerpt":{"rendered":"<p>Prochaine assembl\u00e9e g\u00e9n\u00e9rale: dimanche 30 mai \u00e0 15h30 Lieu: Centre paroissial de Ch\u00eane-Bourg, 77 rue de Gen\u00e8ve, 1225 Ch\u00eane-Bourg Bienvenue \u00e0 tous, m\u00eame si vous n&rsquo;\u00eates pas (encore) membre&#8230;<\/p>\n","protected":false},"author":1,"featured_media":0,"comment_status":"closed","ping_status":"closed","sticky":false,"template":"","format":"standard","meta":{"footnotes":""},"categories":[8],"tags":[],"class_list":["post-297","post","type-post","status-publish","format-standard","hentry","category-realisations"],"_links":{"self":[{"href":"https:\/\/www.compositeursgenevois.ch\/index.php?rest_route=\/wp\/v2\/posts\/297","targetHints":{"allow":["GET"]}}],"collection":[{"href":"https:\/\/www.compositeursgenevois.ch\/index.php?rest_route=\/wp\/v2\/posts"}],"about":[{"href":"https:\/\/www.compositeursgenevois.ch\/index.php?rest_route=\/wp\/v2\/types\/post"}],"author":[{"embeddable":true,"href":"https:\/\/www.compositeursgenevois.ch\/index.php?rest_route=\/wp\/v2\/users\/1"}],"replies":[{"embeddable":true,"href":"https:\/\/www.compositeursgenevois.ch\/index.php?rest_route=%2Fwp%2Fv2%2Fcomments&post=297"}],"version-history":[{"count":2,"href":"https:\/\/www.compositeursgenevois.ch\/index.php?rest_route=\/wp\/v2\/posts\/297\/revisions"}],"predecessor-version":[{"id":329,"href":"https:\/\/www.compositeursgenevois.ch\/index.php?rest_route=\/wp\/v2\/posts\/297\/revisions\/329"}],"wp:attachment":[{"href":"https:\/\/www.compositeursgenevois.ch\/index.php?rest_route=%2Fwp%2Fv2%2Fmedia&parent=297"}],"wp:term":[{"taxonomy":"category","embeddable":true,"href":"https:\/\/www.compositeursgenevois.ch\/index.php?rest_route=%2Fwp%2Fv2%2Fcategories&post=297"},{"taxonomy":"post_tag","embeddable":true,"href":"https:\/\/www.compositeursgenevois.ch\/index.php?rest_route=%2Fwp%2Fv2%2Ftags&post=297"}],"curies":[{"name":"wp","href":"https:\/\/api.w.org\/{rel}","templated":true}]}}