{"id":151,"date":"2017-03-14T09:47:01","date_gmt":"2017-03-14T08:47:01","guid":{"rendered":"http:\/\/www.compositeursgenevois.ch\/?p=151"},"modified":"2023-05-13T10:18:17","modified_gmt":"2023-05-13T09:18:17","slug":"pierre-maurice-1868-1936","status":"publish","type":"post","link":"https:\/\/www.compositeursgenevois.ch\/?p=151","title":{"rendered":"Pierre Maurice (1868 &#8211; 1936)"},"content":{"rendered":"<p>Partag\u00e9e entre la germanit\u00e9 et la latinit\u00e9, la Suisse ne conna\u00eet gu\u00e8re de compositeurs d\u2019envergure avant le dernier quart du 19e si\u00e8cle. Cette situation est particuli\u00e8rement sensible en Suisse romande o\u00f9 la vie musicale est assur\u00e9e presque exclusivement par des Allemands (par exemple les premiers directeurs de la Soci\u00e9t\u00e9 de chant sacr\u00e9, Wehrstedt et Hugo de Senger) et o\u00f9 seuls de rares auteurs autochtones (Fran\u00e7ois Grast, Charles Bovy-Lysberg) se livrent \u00e0 la composition. Cependant, au cours des ann\u00e9es 1880, appara\u00eet une nouvelle g\u00e9n\u00e9ration de jeunes musiciens qui cherchent \u00e0 doter le pays d\u2019un art musical de qualit\u00e9 et s\u2019efforcent de suivre une solide formation qu\u2019ils vont chercher \u00e0 Paris, \u00e0 Vienne, en Allemagne. C\u2019est le cas notamment d\u2019\u00c9mile Jaques-Dalcroze, de Gustave Doret, et de Pierre Maurice, leur contemporain. Or si les noms des deux premiers ont \u00e9t\u00e9 retenus, celui de Pierre Maurice, dont les \u0153uvres ont \u00e9t\u00e9 fort bien accueillies de son vivant, est tomb\u00e9 dans un oubli presque total.<\/p>\n<p>Issu d\u2019une famille d\u2019origine proven\u00e7ale fix\u00e9e \u00e0 Gen\u00e8ve depuis le 16e si\u00e8cle, Pierre Maurice na\u00eet \u00e0 Allaman (VD) le 13 novembre 1868. Il accomplit ses \u00e9tudes au Coll\u00e8ge de Gen\u00e8ve, ville o\u00f9 il s\u2019initie aux bases de la formation musicale, notamment l\u2019harmonie avec Hugo de Senger. Apr\u00e8s une ann\u00e9e pass\u00e9e \u00e0 Stuttgart, il entreprend, pour satisfaire \u00e0 la volont\u00e9 paternelle, une formation de banquier, tout en poursuivant avec Jaques-Dalcroze l\u2019\u00e9tude de l\u2019harmonie et du contrepoint. Peu motiv\u00e9 pour les m\u00e9tiers de la finance, il parvient \u00e0 convaincre son p\u00e8re qui l\u2019autorise, en 1891, \u00e0 s\u2019inscrire au Conservatoire de Paris. Il y travaille avec Lavignac, G\u00e9dalge, et Massenet, qui lui enseigne la composition.<\/p>\n<p>\u00c0 l\u2019issue de ses \u00e9tudes, Maurice est d\u00e9j\u00e0 l\u2019auteur de plusieurs m\u00e9lodies, et de la suite symphonique P\u00eacheurs d\u2019Islande d\u2019apr\u00e8s Pierre Loti, qui sera une de ses \u0153uvres les plus fr\u00e9quemment jou\u00e9es. De plus en plus attir\u00e9 par le th\u00e9\u00e2tre lyrique, il entreprend un drame biblique, La fille de Jepht\u00e9 (1899), puis il ach\u00e8ve en 1903 Le drapeau blanc, bref op\u00e9ra en un acte cr\u00e9\u00e9 au th\u00e9\u00e2tre de Cassel. Fervent admirateur de Wagner, le compositeur s\u2019installe en 1900 \u00e0 Munich. Sa musique rencontre un accueil tr\u00e8s favorable en Allemagne, o\u00f9 ses pages sc\u00e9niques sont \u00e0 l\u2019affiche dans plusieurs villes, telle Mis\u00e9 Brun, cr\u00e9e \u00e0 Stuttgart (1908), puis redonn\u00e9 \u00e0 Weimar, Cobourg et au Th\u00e9\u00e2tre allemand de Prague, qui connut un vif succ\u00e8s et sera repris en Suisse. Lanval, cr\u00e9\u00e9 \u00e0 Weimar en 1913, conna\u00eet moins de succ\u00e8s: il dispara\u00eet de l\u2019affiche apr\u00e8s quelques repr\u00e9sentations. Androm\u00e8de, achev\u00e9 en 1913, ne sera mont\u00e9 qu\u2019apr\u00e8s la guerre, en 1923, \u00e0 B\u00e2le.<\/p>\n<p>Les conditions de vie devenant de plus en plus difficiles en Allemagne, Pierre Maurice regagne la Suisse et s\u2019installe dans sa propri\u00e9t\u00e9 de La P\u00eacherie \u00e0 Allaman. Il y \u00e9crit notamment deux ballets, des m\u00e9lodies, ainsi qu\u2019un ravissant op\u00e9ra-comique intitul\u00e9 La nuit tous les chats sont gris (1923) et une op\u00e9rette, La vengeance du Pharaon (1935). Min\u00e9 par la maladie depuis plusieurs ann\u00e9es, il s\u2019\u00e9teint \u00e0 Allaman le 25 d\u00e9cembre 1936.<br \/>\n<em>Jacques Tchamkerten<\/em><\/p>\n","protected":false},"excerpt":{"rendered":"<p>Partag\u00e9e entre la germanit\u00e9 et la latinit\u00e9, la Suisse ne conna\u00eet gu\u00e8re de compositeurs d\u2019envergure avant le dernier quart du 19e si\u00e8cle. Cette situation est particuli\u00e8rement sensible en Suisse romande o\u00f9 la vie musicale est assur\u00e9e presque exclusivement par des Allemands (par exemple les premiers directeurs de la Soci\u00e9t\u00e9 de chant sacr\u00e9, Wehrstedt et Hugo &hellip; <a href=\"https:\/\/www.compositeursgenevois.ch\/?p=151\" class=\"more-link\">Continuer la lecture de <span class=\"screen-reader-text\">Pierre Maurice (1868 &#8211; 1936)<\/span><\/a><\/p>\n","protected":false},"author":1,"featured_media":0,"comment_status":"closed","ping_status":"closed","sticky":false,"template":"","format":"image","meta":{"footnotes":""},"categories":[2],"tags":[],"class_list":["post-151","post","type-post","status-publish","format-image","hentry","category-membres","post_format-post-format-image"],"_links":{"self":[{"href":"https:\/\/www.compositeursgenevois.ch\/index.php?rest_route=\/wp\/v2\/posts\/151","targetHints":{"allow":["GET"]}}],"collection":[{"href":"https:\/\/www.compositeursgenevois.ch\/index.php?rest_route=\/wp\/v2\/posts"}],"about":[{"href":"https:\/\/www.compositeursgenevois.ch\/index.php?rest_route=\/wp\/v2\/types\/post"}],"author":[{"embeddable":true,"href":"https:\/\/www.compositeursgenevois.ch\/index.php?rest_route=\/wp\/v2\/users\/1"}],"replies":[{"embeddable":true,"href":"https:\/\/www.compositeursgenevois.ch\/index.php?rest_route=%2Fwp%2Fv2%2Fcomments&post=151"}],"version-history":[{"count":3,"href":"https:\/\/www.compositeursgenevois.ch\/index.php?rest_route=\/wp\/v2\/posts\/151\/revisions"}],"predecessor-version":[{"id":227,"href":"https:\/\/www.compositeursgenevois.ch\/index.php?rest_route=\/wp\/v2\/posts\/151\/revisions\/227"}],"wp:attachment":[{"href":"https:\/\/www.compositeursgenevois.ch\/index.php?rest_route=%2Fwp%2Fv2%2Fmedia&parent=151"}],"wp:term":[{"taxonomy":"category","embeddable":true,"href":"https:\/\/www.compositeursgenevois.ch\/index.php?rest_route=%2Fwp%2Fv2%2Fcategories&post=151"},{"taxonomy":"post_tag","embeddable":true,"href":"https:\/\/www.compositeursgenevois.ch\/index.php?rest_route=%2Fwp%2Fv2%2Ftags&post=151"}],"curies":[{"name":"wp","href":"https:\/\/api.w.org\/{rel}","templated":true}]}}